{"id":530,"date":"2019-02-26T22:23:26","date_gmt":"2019-02-26T21:23:26","guid":{"rendered":"https:\/\/musikschule-er.de\/?p=530"},"modified":"2019-03-15T18:02:23","modified_gmt":"2019-03-15T17:02:23","slug":"taketina-rhythmus-erfahrung-2","status":"publish","type":"post","link":"https:\/\/musikschule-er.de\/?p=530","title":{"rendered":"taketina rhythmus &#8211; erfahrung"},"content":{"rendered":"\n<h3 class=\"wp-block-heading\"><strong>\u00ab die kunst des loslassens im rhythmus &#8211; stille finden \u00ab<\/strong><\/h3>\n\n\n\n<h4 class=\"wp-block-heading\"><strong>Wochenend-Workshop mit Lothar Berger und Uli Silbermann<\/strong><\/h4>\n\n\n\n<h5 class=\"wp-block-heading\"><strong>Auftakt am Samstagmorgen mit Mona Rosenthal (<a href=\"https:\/\/www.yoga-hofheim.de\/taketina\" target=\"_blank\" rel=\"noreferrer noopener\" aria-label=\"www.yoga-hofheim.de (\u00f6ffnet in neuem Tab)\">www.yoga-hofheim.de<\/a>):<\/strong><\/h5>\n\n\n\n<h5 class=\"wp-block-heading\"><strong>&#8230; klangmassage ein Geschenk f\u00fcr die Seele &#8230;<\/strong><\/h5>\n\n\n\n<p>Lothar Berger und Uli Silbermann sind erfahrene TaKeTiNa Advanced Rhythm  Teacher, die seit vielen Jahren TaKeTiNa-Kurse im In- und Ausland  leiten.<\/p>\n\n\n\n<p><strong>Ein \nWorkshop f\u00fcr Menschen, die lustvoll und spielerisch die Kraft und \nFaszination von Rhythmus als K\u00f6rpererfahrung erleben m\u00f6chten.<\/strong><\/p>\n\n\n\n<p><strong>&#8222;Wer das&nbsp; Geheimnis der T\u00f6ne kennt,&nbsp;kennt das Mysterium des Weltalls.&#8220;&nbsp;<\/strong>(indische Weisheit)&nbsp;<\/p>\n\n\n\n<p>Eine Veranstaltung der Praxis f\u00fcr Klangyoga und Gesundheitsberatung Mona Rosenthal in Hofheim\/Ts. in Kooperation mit der Musikschule Eppstein-Rossert e.V.<\/p>\n\n\n\n<h3 class=\"wp-block-heading\" style=\"text-align:left\"><strong>Fr  24.05.2019 \/ 19 &#8211; 21 Uhr<\/strong><\/h3>\n\n\n\n<h3 class=\"wp-block-heading\" style=\"text-align:left\"><strong>Sa  25.05.2019 \/ 10 &#8211; 17 Uhr<\/strong><\/h3>\n\n\n\n<h3 class=\"wp-block-heading\" style=\"text-align:left\"><strong>So  26.05.2019 \/ 10 &#8211; 13 Uhr<\/strong><\/h3>\n\n\n\n<h4 class=\"wp-block-heading\">Teilnahmegeb\u00fchr \u20ac 190<strong> \/ Fr\u00fchbucher bis 30.04.2019 \u20ac 145 <\/strong>\/ mindestens 12 Teilnehmende<\/h4>\n\n\n\n<p>Die Veranstaltung findet im gro\u00dfen Musiksaal der Musikschule Eppstein-Rossert e.V. statt.<br>Am Herrngarten 12, 65817 Eppstein \/Ts., N\u00e4he S-Bahnhof.<\/p>\n\n\n\n<h5 class=\"wp-block-heading\"><strong>Anmeldung<\/strong><\/h5>\n\n\n\n<p>Sie haben Fragen? Nehmen Sie einfach Kontakt mit mir auf: Mona Rosenthal (<a href=\"https:\/\/www.yoga-hofheim.de\/taketina\" target=\"_blank\" rel=\"noreferrer noopener\" aria-label=\"www.yoga-hofheim.de (\u00f6ffnet in neuem Tab)\">www.yoga-hofheim.de<\/a>)<\/p>\n\n\n\n<p>Rhythmus ist der Herzschlag allen Lebens &#8211; alles in der Natur folgt rhythmischen Gesetzen.<br>Der Wechsel der Jahreszeiten, Tag und Nacht, die Gezeiten der Meere &#8230;<br>Atmung, Zellteilung, Herzschlag und Puls \u2026<\/p>\n\n\n\n<p>Jeder Mensch tr\u00e4gt <strong>rhythmisches Urwissen<\/strong> in sich. TaKeTiNa bietet einen Weg, dieses Urwissen wiederzuentdecken. Unser K\u00f6rper ist dabei das Instrument, mit dem wir mittels Stimme, Schritte und Klatschen in die rhythmische Vielschichtigkeit eines TaKeTiNa-Sets eintauchen. Der von Reinhard Flatischler begr\u00fcndete TaKeTiNa-Rhythmus-Prozess ist ein effektiver Weg zum <strong>Loslassen und um Selbstvergessenheit und Groove<\/strong> zu erleben.<\/p>\n\n\n\n<p>Da ist Raum f\u00fcr pers\u00f6nliche Energie und Leidenschaft. <strong>Wir gehen aus dem Denken ins Sp\u00fcren, H\u00f6ren und kreative Erleben &#8211; das Herausfallen aus dem Rhythmus geh\u00f6rt ebenso dazu wie das Hineinfallen in ihn.<\/strong> Wir \u00fcben den spielerischen Umgang mit dem Geschehen und begegnen uns selbst mit Freude und Gelassenheit &#8211;<strong> Zeitlosigkeit und innere Stille werden erfahrbar.<\/strong><\/p>\n\n\n\n<p><strong>Mitmachen kann jede\/r, ob musikalisch vorgebildet oder Laie.<\/strong><br>Durch die Verwendung archetypischer Rhythmen und einfacher Bewegungen bei gleichzeitiger Vielschichtigkeit entsteht ein sicheres Lernfeld, indem Unge\u00fcbte ihren Platz finden und Ge\u00fcbte herausgefordert werden weiter und tiefer zu gehen &#8230;<\/p>\n\n\n\n<p>Uli Silbermann ist Taketina\u00ae-Rhythmusp\u00e4dagogin (Advanced Rhythm Teacher), Lehrerin der F.M. Alexander-Technik und T\u00e4nzerin aus Berlin.<br><a href=\"http:\/\/www.ulisilbermann.com\" target=\"_blank\" rel=\"noreferrer noopener\">www.ulisilbermann.com<\/a><\/p>\n\n\n\n<p>Lothar Berger ist Taketina\u00ae-Rhythmusp\u00e4dagoge (Advanced Rhythm Teacher), Obertons\u00e4nger und Improvisationsmusiker aus K\u00f6ln.<br><a href=\"http:\/\/www.stimm-klang-rhythmus.de\" target=\"_blank\" rel=\"noreferrer noopener\">www.stimm-klang-rhythmus.de<\/a><\/p>\n\n\n\n<p><strong>&#8230; ausf\u00fchrliche Informationen finden Sie<\/strong> <a href=\"https:\/\/www.yoga-hofheim.de\/taketina\" target=\"_blank\" rel=\"noreferrer noopener\" aria-label=\" (\u00f6ffnet in neuem Tab)\">hier<\/a><\/p>\n","protected":false},"excerpt":{"rendered":"<p>\u00ab die kunst des loslassens im rhythmus &#8211; stille finden \u00ab Wochenend-Workshop mit Lothar Berger und Uli Silbermann Auftakt am Samstagmorgen mit Mona Rosenthal (www.yoga-hofheim.de): &#8230; klangmassage ein Geschenk f\u00fcr die Seele &#8230; Lothar Berger und Uli Silbermann sind erfahrene TaKeTiNa Advanced Rhythm Teacher, die seit vielen Jahren TaKeTiNa-Kurse im In- und Ausland leiten. Ein [&hellip;]<\/p>\n","protected":false},"author":1,"featured_media":0,"comment_status":"closed","ping_status":"open","sticky":false,"template":"","format":"standard","meta":{"footnotes":""},"categories":[9,50],"tags":[17,22,34],"class_list":["post-530","post","type-post","status-publish","format-standard","hentry","category-news","category-workshop","tag-musikschulhaus","tag-termine","tag-workshop"],"_links":{"self":[{"href":"https:\/\/musikschule-er.de\/index.php?rest_route=\/wp\/v2\/posts\/530","targetHints":{"allow":["GET"]}}],"collection":[{"href":"https:\/\/musikschule-er.de\/index.php?rest_route=\/wp\/v2\/posts"}],"about":[{"href":"https:\/\/musikschule-er.de\/index.php?rest_route=\/wp\/v2\/types\/post"}],"author":[{"embeddable":true,"href":"https:\/\/musikschule-er.de\/index.php?rest_route=\/wp\/v2\/users\/1"}],"replies":[{"embeddable":true,"href":"https:\/\/musikschule-er.de\/index.php?rest_route=%2Fwp%2Fv2%2Fcomments&post=530"}],"version-history":[{"count":20,"href":"https:\/\/musikschule-er.de\/index.php?rest_route=\/wp\/v2\/posts\/530\/revisions"}],"predecessor-version":[{"id":555,"href":"https:\/\/musikschule-er.de\/index.php?rest_route=\/wp\/v2\/posts\/530\/revisions\/555"}],"wp:attachment":[{"href":"https:\/\/musikschule-er.de\/index.php?rest_route=%2Fwp%2Fv2%2Fmedia&parent=530"}],"wp:term":[{"taxonomy":"category","embeddable":true,"href":"https:\/\/musikschule-er.de\/index.php?rest_route=%2Fwp%2Fv2%2Fcategories&post=530"},{"taxonomy":"post_tag","embeddable":true,"href":"https:\/\/musikschule-er.de\/index.php?rest_route=%2Fwp%2Fv2%2Ftags&post=530"}],"curies":[{"name":"wp","href":"https:\/\/api.w.org\/{rel}","templated":true}]}}