{"id":274,"date":"2017-05-05T21:40:41","date_gmt":"2017-05-05T19:40:41","guid":{"rendered":"http:\/\/neu.musikschule-er.de\/?p=274"},"modified":"2021-12-27T17:18:08","modified_gmt":"2021-12-27T16:18:08","slug":"workshop-fuer-pa-und-beschallungstechnik-2-0","status":"publish","type":"post","link":"https:\/\/musikschule-er.de\/?p=274","title":{"rendered":"Workshop f\u00fcr PA- und Beschallungstechnik 2.0"},"content":{"rendered":"<p>Technik- und Musikinteressierte aufgepasst!<\/p>\n<p>Nachdem der erste Technikworkshop bei den Teilnehmern ein nachhaltiges Interesse sowie den Wunsch nach einer Fortsetzung erzeugt hat, geht es jetzt in die zweite Runde.<\/p>\n<p>Du wolltest schon immer mal ein Mischpult bedienen und wissen, wie man einen guten Live-Sound im Saal macht? Wie man Equalizer und Halleffekte einsetzt?<\/p>\n<p><strong>Dann bist Du hier genau richtig!<\/strong><\/p>\n<p>Die Musikschule Eppstein Rossert e.V. sucht technikbegeisterte junge und auch nicht mehr ganz so junge Menschen, die die nagelneue Musikschul-PA bedienen lernen wollen. Die Anlage ist umfangreich ausgestattet und auf dem neuesten Stand der Technik.<\/p>\n<p>Wir werden sie aufbauen, verschiedene Instrumente abnehmen und verst\u00e4rken.<\/p>\n<p>Wie kann man eine Querfl\u00f6te so verst\u00e4rken, dass sie trotz Schlagzeug gut zu h\u00f6ren ist?<\/p>\n<p>Wie vermeide ich Feedbacks?<\/p>\n<p>Welche Mikrofone setze ich f\u00fcr welches Instrument oder Stimme ein?<\/p>\n<p>Was ist ein Multicore und eine Stagebox?<\/p>\n<p>Mit diesen und weiteren Fragen setzen wir uns w\u00e4hrend des Workshops auseinander.<\/p>\n<p><strong>Neueinsteiger sind herzlich willkommen!<\/strong><\/p>\n<p>Inhaltlich wird es eine Vertiefung des bereits gelernten geben. Der Schwerpunkt wird auf der praktischen Anwendung liegen.<\/p>\n<p>Wer selbst ein Instrument spielt, kann dieses gerne mitbringen und den Umgang mit Instrument und Mikrofon erlernen.<\/p>\n<p>Unser Ziel ist es, ein Technikteam f\u00fcr die Musikschule ins Leben zu rufen, dass die Anlage bei Musikschulveranstaltungen installieren und bedienen kann!<\/p>\n<p>Wir werden im Rahmen des Workshops die Technik f\u00fcr den am folgenden Tag stattfindenden Trommeltag installieren. Die Teilnehmer sind herzlich eingeladen, ihre erworbenen F\u00e4higkeiten dort gleich anzuwenden!<\/p>\n<p>Der Workshop f\u00fcr PA- und Beschallungstechnik findet statt am:<\/p>\n<p style=\"text-align: center;\"><strong>Samstag, 20. Mai 2017<\/strong><\/p>\n<p style=\"text-align: center;\"><strong>von 10:00 \u2013 14:00 Uhr<\/strong><br \/>\nim<br \/>\n<strong>Neuen Musikschulhaus<\/strong><\/p>\n<p style=\"text-align: center;\">Am Herrngarten 12, Eppstein<\/p>\n<p style=\"text-align: center;\">Kosten: 30,- \u20ac<\/p>\n<p style=\"text-align: center;\"><strong>Leitung: David Tr\u00f6scher<\/strong><\/p>\n<p style=\"text-align: center;\"><strong>Anmeldung im Musikschulb\u00fcro unter 06198-8990<\/strong><\/p>\n","protected":false},"excerpt":{"rendered":"<p>Technik- und Musikinteressierte aufgepasst! Nachdem der erste Technikworkshop bei den Teilnehmern ein nachhaltiges Interesse sowie den Wunsch nach einer Fortsetzung erzeugt hat, geht es jetzt in die zweite Runde. Du wolltest schon immer mal ein Mischpult bedienen und wissen, wie man einen guten Live-Sound im Saal macht? Wie man Equalizer und Halleffekte einsetzt? Dann bist [&hellip;]<\/p>\n","protected":false},"author":1,"featured_media":77,"comment_status":"open","ping_status":"open","sticky":false,"template":"","format":"standard","meta":{"footnotes":""},"categories":[9],"tags":[36,35,34],"class_list":["post-274","post","type-post","status-publish","format-standard","has-post-thumbnail","hentry","category-news","tag-beschallungstechnik","tag-pa-technik","tag-workshop"],"_links":{"self":[{"href":"https:\/\/musikschule-er.de\/index.php?rest_route=\/wp\/v2\/posts\/274","targetHints":{"allow":["GET"]}}],"collection":[{"href":"https:\/\/musikschule-er.de\/index.php?rest_route=\/wp\/v2\/posts"}],"about":[{"href":"https:\/\/musikschule-er.de\/index.php?rest_route=\/wp\/v2\/types\/post"}],"author":[{"embeddable":true,"href":"https:\/\/musikschule-er.de\/index.php?rest_route=\/wp\/v2\/users\/1"}],"replies":[{"embeddable":true,"href":"https:\/\/musikschule-er.de\/index.php?rest_route=%2Fwp%2Fv2%2Fcomments&post=274"}],"version-history":[{"count":7,"href":"https:\/\/musikschule-er.de\/index.php?rest_route=\/wp\/v2\/posts\/274\/revisions"}],"predecessor-version":[{"id":282,"href":"https:\/\/musikschule-er.de\/index.php?rest_route=\/wp\/v2\/posts\/274\/revisions\/282"}],"wp:featuredmedia":[{"embeddable":true,"href":"https:\/\/musikschule-er.de\/index.php?rest_route=\/wp\/v2\/media\/77"}],"wp:attachment":[{"href":"https:\/\/musikschule-er.de\/index.php?rest_route=%2Fwp%2Fv2%2Fmedia&parent=274"}],"wp:term":[{"taxonomy":"category","embeddable":true,"href":"https:\/\/musikschule-er.de\/index.php?rest_route=%2Fwp%2Fv2%2Fcategories&post=274"},{"taxonomy":"post_tag","embeddable":true,"href":"https:\/\/musikschule-er.de\/index.php?rest_route=%2Fwp%2Fv2%2Ftags&post=274"}],"curies":[{"name":"wp","href":"https:\/\/api.w.org\/{rel}","templated":true}]}}